{"id":3605,"date":"2026-04-29T22:38:55","date_gmt":"2026-04-29T20:38:55","guid":{"rendered":"https:\/\/docstudio.pl\/?p=3605"},"modified":"2026-04-29T23:34:15","modified_gmt":"2026-04-29T21:34:15","slug":"redyk-karpacki-w-szczawnicy","status":"publish","type":"post","link":"https:\/\/docstudio.pl\/en\/aktu\/redyk-karpacki-w-szczawnicy\/","title":{"rendered":"&#8222;Redyk Karpacki&#8221; w Szczawnicy"},"content":{"rendered":"<div data-elementor-type=\"wp-post\" data-elementor-id=\"3605\" class=\"elementor elementor-3605\" data-elementor-post-type=\"post\">\n\t\t\t\t<div class=\"elementor-element elementor-element-b1f8a7e e-flex e-con-boxed e-con e-parent\" data-id=\"b1f8a7e\" data-element_type=\"container\" data-e-type=\"container\">\n\t\t\t\t\t<div class=\"e-con-inner\">\n\t\t<div class=\"elementor-element elementor-element-05bc3a8 e-con-full e-flex e-con e-child\" data-id=\"05bc3a8\" data-element_type=\"container\" data-e-type=\"container\">\n\t\t\t\t<div class=\"elementor-element elementor-element-25ba6ee elementor-widget elementor-widget-image\" data-id=\"25ba6ee\" data-element_type=\"widget\" data-e-type=\"widget\" data-widget_type=\"image.default\">\n\t\t\t\t\t\t\t\t\t\t\t\t\t\t\t<img fetchpriority=\"high\" decoding=\"async\" width=\"800\" height=\"445\" src=\"https:\/\/docstudio.pl\/wp-content\/uploads\/2026\/03\/Redyk-Kompr-1024x569.jpg\" class=\"attachment-large size-large wp-image-2884\" alt=\"\" srcset=\"https:\/\/docstudio.pl\/wp-content\/uploads\/2026\/03\/Redyk-Kompr-1024x569.jpg 1024w, https:\/\/docstudio.pl\/wp-content\/uploads\/2026\/03\/Redyk-Kompr-300x167.jpg 300w, https:\/\/docstudio.pl\/wp-content\/uploads\/2026\/03\/Redyk-Kompr-768x427.jpg 768w, https:\/\/docstudio.pl\/wp-content\/uploads\/2026\/03\/Redyk-Kompr-1536x854.jpg 1536w, https:\/\/docstudio.pl\/wp-content\/uploads\/2026\/03\/Redyk-Kompr-2048x1139.jpg 2048w, https:\/\/docstudio.pl\/wp-content\/uploads\/2026\/03\/Redyk-Kompr-18x10.jpg 18w\" sizes=\"(max-width: 800px) 100vw, 800px\" \/>\t\t\t\t\t\t\t\t\t\t\t\t\t\t\t<\/div>\n\t\t\t\t<\/div>\n\t\t<div class=\"elementor-element elementor-element-b15f294 e-con-full e-flex e-con e-child\" data-id=\"b15f294\" data-element_type=\"container\" data-e-type=\"container\">\n\t\t\t\t<\/div>\n\t\t\t\t\t<\/div>\n\t\t\t\t<\/div>\n\t\t<div class=\"elementor-element elementor-element-f1f38eb e-flex e-con-boxed e-con e-parent\" data-id=\"f1f38eb\" data-element_type=\"container\" data-e-type=\"container\">\n\t\t\t\t\t<div class=\"e-con-inner\">\n\t\t\t\t<div class=\"elementor-element elementor-element-b39bca6 elementor-widget elementor-widget-heading\" data-id=\"b39bca6\" data-element_type=\"widget\" data-e-type=\"widget\" data-widget_type=\"heading.default\">\n\t\t\t\t\t<h2 class=\"elementor-heading-title elementor-size-default\">projekcja filmu REDYK KARPACKI<br>\nSzczawnica\nKino \"Pieniny\" <br>ul. G\u0142\u00f3wna 6 &nbsp;\ngodz. 19.30<\/h2>\t\t\t\t<\/div>\n\t\t\t\t<div class=\"elementor-element elementor-element-af3b461 elementor-widget elementor-widget-text-editor\" data-id=\"af3b461\" data-element_type=\"widget\" data-e-type=\"widget\" data-widget_type=\"text-editor.default\">\n\t\t\t\t\t\t\t\t\t<h3>\u00a0<\/h3><h3>Na \u015bw. Wojciecha owce id\u0105 na sezonowy wypas w g\u00f3ry. W ramach tego wydarzenia, Centrum Kultury Sportu i Promocji w Szczawnicy przygotowa\u0142o bardzo ciekawy\u00a0 program. Na zako\u0144czenie, pierwszego z trzech dni wiosennego Redyku, b\u0119dzie wy\u015bwietlony nasz film pt. &#8222;REDYK KARPACKI&#8221;.\u00a0 Przypominamy t\u0105 produkcj\u0119 z 2013 roku. Szkieletem opowie\u015bci jest przej\u015bcie \u0141ukiem Karpat pasterza Piotra Kohuta z Koniakowa ze stadem owiec. Przez 4 miesi\u0105ce przemierza\u0142 Rumuni\u0119, Ukrain\u0119, Polsk\u0119, S\u0142owacj\u0119 z fina\u0142em w Czechach.\u00a0<\/h3><h3>\u00a0<\/h3><h3>\u00a0<\/h3><h3><em>Serdecznie zapraszamy !<\/em><\/h3><h3>\u00a0<\/h3>\t\t\t\t\t\t\t\t<\/div>\n\t\t\t\t\t<\/div>\n\t\t\t\t<\/div>\n\t\t<div class=\"elementor-element elementor-element-f21158a e-flex e-con-boxed e-con e-parent\" data-id=\"f21158a\" data-element_type=\"container\" data-e-type=\"container\">\n\t\t\t\t\t<div class=\"e-con-inner\">\n\t\t<div class=\"elementor-element elementor-element-e4c4f83 e-con-full e-flex e-con e-child\" data-id=\"e4c4f83\" data-element_type=\"container\" data-e-type=\"container\">\n\t\t\t\t<\/div>\n\t\t<div class=\"elementor-element elementor-element-2cccf56 e-con-full e-flex e-con e-child\" data-id=\"2cccf56\" data-element_type=\"container\" data-e-type=\"container\">\n\t\t\t\t<div class=\"elementor-element elementor-element-13e803a elementor-widget elementor-widget-image\" data-id=\"13e803a\" data-element_type=\"widget\" data-e-type=\"widget\" data-widget_type=\"image.default\">\n\t\t\t\t\t\t\t\t\t\t\t\t\t\t\t<img decoding=\"async\" width=\"724\" height=\"1024\" src=\"https:\/\/docstudio.pl\/wp-content\/uploads\/2026\/04\/Plakat-Redyk-Szczawnica-724x1024.jpg\" class=\"attachment-large size-large wp-image-3606\" alt=\"\" srcset=\"https:\/\/docstudio.pl\/wp-content\/uploads\/2026\/04\/Plakat-Redyk-Szczawnica-724x1024.jpg 724w, https:\/\/docstudio.pl\/wp-content\/uploads\/2026\/04\/Plakat-Redyk-Szczawnica-212x300.jpg 212w, https:\/\/docstudio.pl\/wp-content\/uploads\/2026\/04\/Plakat-Redyk-Szczawnica-768x1086.jpg 768w, https:\/\/docstudio.pl\/wp-content\/uploads\/2026\/04\/Plakat-Redyk-Szczawnica-1086x1536.jpg 1086w, https:\/\/docstudio.pl\/wp-content\/uploads\/2026\/04\/Plakat-Redyk-Szczawnica-8x12.jpg 8w, https:\/\/docstudio.pl\/wp-content\/uploads\/2026\/04\/Plakat-Redyk-Szczawnica.jpg 1448w\" sizes=\"(max-width: 724px) 100vw, 724px\" \/>\t\t\t\t\t\t\t\t\t\t\t\t\t\t\t<\/div>\n\t\t\t\t<\/div>\n\t\t\t\t\t<\/div>\n\t\t\t\t<\/div>\n\t\t\t\t<\/div>","protected":false},"excerpt":{"rendered":"<p>projekcja filmu REDYK KARPACKI Szczawnica Kino &#8222;Pieniny&#8221; ul. G\u0142\u00f3wna 6 &nbsp; godz. 19.30 \u00a0 Na \u015bw. Wojciecha owce id\u0105 na sezonowy wypas w g\u00f3ry. W ramach tego wydarzenia, Centrum Kultury Sportu i Promocji w Szczawnicy przygotowa\u0142o bardzo ciekawy\u00a0 program. Na zako\u0144czenie, pierwszego z trzech dni wiosennego Redyku, b\u0119dzie wy\u015bwietlony nasz film pt. &#8222;REDYK KARPACKI&#8221;.\u00a0 Przypominamy [&hellip;]<\/p>\n","protected":false},"author":2,"featured_media":3606,"comment_status":"open","ping_status":"open","sticky":false,"template":"elementor_canvas","format":"standard","meta":{"footnotes":""},"categories":[1,11],"tags":[],"class_list":["post-3605","post","type-post","status-publish","format-standard","has-post-thumbnail","hentry","category-aktu","category-film-dokumentalny"],"_links":{"self":[{"href":"https:\/\/docstudio.pl\/en\/wp-json\/wp\/v2\/posts\/3605","targetHints":{"allow":["GET"]}}],"collection":[{"href":"https:\/\/docstudio.pl\/en\/wp-json\/wp\/v2\/posts"}],"about":[{"href":"https:\/\/docstudio.pl\/en\/wp-json\/wp\/v2\/types\/post"}],"author":[{"embeddable":true,"href":"https:\/\/docstudio.pl\/en\/wp-json\/wp\/v2\/users\/2"}],"replies":[{"embeddable":true,"href":"https:\/\/docstudio.pl\/en\/wp-json\/wp\/v2\/comments?post=3605"}],"version-history":[{"count":27,"href":"https:\/\/docstudio.pl\/en\/wp-json\/wp\/v2\/posts\/3605\/revisions"}],"predecessor-version":[{"id":3634,"href":"https:\/\/docstudio.pl\/en\/wp-json\/wp\/v2\/posts\/3605\/revisions\/3634"}],"wp:featuredmedia":[{"embeddable":true,"href":"https:\/\/docstudio.pl\/en\/wp-json\/wp\/v2\/media\/3606"}],"wp:attachment":[{"href":"https:\/\/docstudio.pl\/en\/wp-json\/wp\/v2\/media?parent=3605"}],"wp:term":[{"taxonomy":"category","embeddable":true,"href":"https:\/\/docstudio.pl\/en\/wp-json\/wp\/v2\/categories?post=3605"},{"taxonomy":"post_tag","embeddable":true,"href":"https:\/\/docstudio.pl\/en\/wp-json\/wp\/v2\/tags?post=3605"}],"curies":[{"name":"wp","href":"https:\/\/api.w.org\/{rel}","templated":true}]}}